{"id":27289,"date":"2026-04-08T09:41:36","date_gmt":"2026-04-08T07:41:36","guid":{"rendered":"https:\/\/ettelbruck.lu\/citoyen\/?post_type=actualite&#038;p=27289"},"modified":"2026-04-13T16:25:41","modified_gmt":"2026-04-13T14:25:41","slug":"13-avril-29-mai-reamenagement-de-lavenue-des-allies","status":"publish","type":"actualite","link":"https:\/\/ettelbruck.lu\/citoyen\/en\/actualite\/13-avril-29-mai-reamenagement-de-lavenue-des-allies\/","title":{"rendered":"13 avril &#8211; 29 mai : R\u00e9am\u00e9nagement de l\u2019avenue des Alli\u00e9s"},"content":{"rendered":"<p class=\"qtranxs-available-languages-message qtranxs-available-languages-message-en\">Sorry, this entry is only available in <a href=\"https:\/\/ettelbruck.lu\/citoyen\/fr\/wp-json\/wp\/v2\/actualite\/27289\" class=\"qtranxs-available-language-link qtranxs-available-language-link-fr\" title=\"Fran\u00e7ais\">French<\/a>.<\/p><p><strong>Le r\u00e8glement de la circulation de la Ville d&#8217;Ettelbruck est modifi\u00e9 du 13 avril 2026 jusqu\u2019au\u00a0 29 mai 2026 :<\/strong><\/p>\n<ul>\n<li>L\u2019avenue des Alli\u00e9s est r\u00e9tr\u00e9cie selon l\u2019avancement des travaux.<\/li>\n<li>La circulation \u00e0 double sens reste possible.<\/li>\n<li>Les deux arr\u00eats de Bus (Heintz van Landewyck) \u00e0 la hauteur du b\u00e2timent \u00ab\u00a0Ettelbruck One\u00a0\u00bb\u00a0seront d\u00e9plac\u00e9s provisoirement de +\/- 100m en direction du Centre (ALL036) et de +\/- 100m en direction du Centre (ALL033).<\/li>\n<li>Dans l\u2019avenue des Alli\u00e9s \u00e0 partir de la maison n\u00b036 jusqu\u2019\u00e0 la rue Jean-Pierre Thill N\u00b02 le trottoir est barr\u00e9 et les pi\u00e9tons sont d\u00e9vi\u00e9s.<\/li>\n<li>Dans l\u2019avenue des Alli\u00e9s \u00e0 la hauteur du b\u00e2timent \u00ab\u00a0Ettelbruck One\u00a0\u00bb et \u00e0 la hauteur de la Station GULF des passages pi\u00e9tons provisoires sont install\u00e9s.<\/li>\n<li>Le trafic en provenance de la B7 en direction de la zone Artisanale et Commerciale est d\u00e9vi\u00e9 vers la route de Luxembourg, la rue du moulin et la rue de la gare (Schieren).<\/li>\n<li><strong><u>Le trafic en provenance de la B7 en direction de la rue Jean-Pierre Thill est d\u00e9vi\u00e9 via le rond-point MC Vikar en direction de l\u2019avenue des Alli\u00e9s<\/u><\/strong><\/li>\n<li>Dans la rue Jean-Pierre Thill le trafic est r\u00e9gl\u00e9 en sens unique \u00e0 partir du croisement avec l\u2019avenue des Alli\u00e9s jusqu\u2019au croisement avec la Zone Artisanale et Commerciale.<\/li>\n<li>Le trafic en provenance de la zone Artisanale et Commerciale est d\u00e9vi\u00e9 vers la rue de la Gare, la rue du moulin, la route de Luxembourg en direction de la B7 (Schieren).<\/li>\n<li>Dans la zone Artisanale et Commerciale \u00e0 la hauteur du croisement (ZAC005) un pr\u00e9avis \u00ab\u00a0acc\u00e8s barr\u00e9 vers la rue des Alli\u00e9s\u00a0\u00bb est install\u00e9.<\/li>\n<li>Dans la Zone Artisanale et Commerciale \u00e0 la hauteur du croisement avec la rue Jean Pierre Thill un pr\u00e9avis \u00ab\u00a0sens interdit sauf riverains\u00a0\u00bb est install\u00e9.<\/li>\n<li>Dans la Zone Artisanale et Commerciale \u00e0 la hauteur du b\u00e2timent N\u00b0 1 un passage pi\u00e9tons provisoire est install\u00e9 (ZAC001).<\/li>\n<li>Dans l\u2019avenue des Alli\u00e9s \u00e0 partir du croisement avec la rue Jean-Pierre Thill jusqu\u2019\u00e0 l\u2019entr\u00e9e de la localit\u00e9 \u00ab\u00a0Schieren\u00a0\u00bb le trottoir est barr\u00e9 et les pi\u00e9tons sont d\u00e9vi\u00e9s par le trottoir dans la rue Jean-Pierre Thill en direction rue de la Gare \u00e0 Schieren (vice versa).<\/li>\n<\/ul>\n<ul>\n<li style=\"list-style-type: none;\"><\/li>\n<\/ul>\n<p>&nbsp;<\/p>","protected":false},"excerpt":{"rendered":"<p>Sorry, this entry is only available in French.Le r\u00e8glement de la circulation de la Ville d&#8217;Ettelbruck est modifi\u00e9 du 13 avril 2026 jusqu\u2019au\u00a0 29 mai 2026 : L\u2019avenue des Alli\u00e9s est r\u00e9tr\u00e9cie selon l\u2019avancement des travaux. La circulation \u00e0 double sens reste possible. Les deux arr\u00eats de Bus (Heintz van Landewyck) \u00e0 la hauteur du [&hellip;]<\/p>\n","protected":false},"featured_media":11969,"template":"","acf":[],"_links":{"self":[{"href":"https:\/\/ettelbruck.lu\/citoyen\/en\/wp-json\/wp\/v2\/actualite\/27289"}],"collection":[{"href":"https:\/\/ettelbruck.lu\/citoyen\/en\/wp-json\/wp\/v2\/actualite"}],"about":[{"href":"https:\/\/ettelbruck.lu\/citoyen\/en\/wp-json\/wp\/v2\/types\/actualite"}],"wp:featuredmedia":[{"embeddable":true,"href":"https:\/\/ettelbruck.lu\/citoyen\/en\/wp-json\/wp\/v2\/media\/11969"}],"wp:attachment":[{"href":"https:\/\/ettelbruck.lu\/citoyen\/en\/wp-json\/wp\/v2\/media?parent=27289"}],"curies":[{"name":"wp","href":"https:\/\/api.w.org\/{rel}","templated":true}]}}