{"id":27430,"date":"2026-04-27T14:45:53","date_gmt":"2026-04-27T12:45:53","guid":{"rendered":"https:\/\/ettelbruck.lu\/citoyen\/?post_type=actualite&#038;p=27430"},"modified":"2026-04-27T14:52:20","modified_gmt":"2026-04-27T12:52:20","slug":"29-avril-29-mai-reamenagement-de-lavenue-des-allies","status":"publish","type":"actualite","link":"https:\/\/ettelbruck.lu\/citoyen\/en\/actualite\/29-avril-29-mai-reamenagement-de-lavenue-des-allies\/","title":{"rendered":"29 avril &#8211; 29 mai : R\u00e9am\u00e9nagement de l&#8217;avenue des Alli\u00e9s"},"content":{"rendered":"<p class=\"qtranxs-available-languages-message qtranxs-available-languages-message-en\">Sorry, this entry is only available in <a href=\"https:\/\/ettelbruck.lu\/citoyen\/fr\/wp-json\/wp\/v2\/actualite\/27430\" class=\"qtranxs-available-language-link qtranxs-available-language-link-fr\" title=\"Fran\u00e7ais\">French<\/a>.<\/p><p><strong>Le r\u00e8glement de la circulation de la Ville d&#8217;Ettelbruck est modifi\u00e9 du mercredi 29 avril 2026 jusqu\u2019au vendredi 29 mai 2026:\u00a0\u00a0<\/strong><\/p>\n<ul>\n<li>L\u2019avenue des Alli\u00e9s est r\u00e9tr\u00e9cie selon l\u2019avancement des travaux.<\/li>\n<li>La circulation \u00e0 double sens reste possible.<\/li>\n<li>Les deux arr\u00eats de bus (Heintz-van-Landewyck) \u00e0 la hauteur du b\u00e2timent \u00ab\u00a0Ettelbruck One\u00a0\u00bb sont de nouveau desservis.<\/li>\n<li>Dans la rue Pierre Thill \u00e0 la hauteur des N\u00b046 A et N\u00b046 B un arr\u00eat provisoire \u00ab\u00a0Citybus\u00a0\u00bb est install\u00e9.<\/li>\n<li>Dans l\u2019avenue des Alli\u00e9s \u00e0 la hauteur du b\u00e2timent \u00ab Ettelbruck One \u00bb un passage pi\u00e9tons provisoire est install\u00e9.<\/li>\n<li>Dans l\u2019avenue des Alli\u00e9s entre la maison N\u00b0 22 et le croisement rue Jean-Pierre Thill le trottoir est barr\u00e9 et les pi\u00e9tons sont d\u00e9vi\u00e9s par le trottoir d\u2019en face.<\/li>\n<li>Le trafic en provenance de la B7 en direction de la rue Jean-Pierre Thill est d\u00e9vi\u00e9 via le rond-point MC Vikar en direction de l\u2019avenue des Alli\u00e9s<\/li>\n<li>Dans la rue Jean-Pierre Thill le trafic est r\u00e9gl\u00e9 en sens unique \u00e0 partir du croisement avec l\u2019avenue des Alli\u00e9s jusqu\u2019au croisement avec la Zone Artisanale et Commerciale.<\/li>\n<li>Le trafic en provenance de la zone Artisanale et Commerciale est d\u00e9vi\u00e9 vers la rue de la Gare, la rue du moulin, la route de Luxembourg en direction de la B7 (Schieren).<\/li>\n<li>Dans la zone Artisanale et Commerciale \u00e0 la hauteur du croisement (ZAC005) un pr\u00e9avis \u00ab acc\u00e8s barr\u00e9 vers la rue des Alli\u00e9s \u00bb est install\u00e9.<\/li>\n<li>Dans la Zone Artisanale et Commerciale \u00e0 la hauteur du croisement avec la rue Jean Pierre Thill un pr\u00e9avis \u00ab sens interdit sauf riverains \u00bb est install\u00e9.<\/li>\n<li>Un dispositif de d\u00e9viation vers la Zone Artisanale et Commerciale via Schieren B7\/A7 et suite est install\u00e9 et lev\u00e9 par les Services des Ponts et Chauss\u00e9es. (vice-versa)<\/li>\n<li>Dans la Zone Artisanale et Commerciale \u00e0 la hauteur du b\u00e2timent N\u00b0 1 un passage pi\u00e9tons provisoire est install\u00e9 (ZAC001).<\/li>\n<li>Dans l\u2019avenue des Alli\u00e9s \u00e0 partir de la hauteur du N\u00b0 2 rue Jean-Pierre Thill jusqu\u2019\u00e0 l\u2019entr\u00e9e de la localit\u00e9 \u00ab Schieren \u00bb le trottoir est barr\u00e9 et les pi\u00e9tons sont d\u00e9vi\u00e9s par le trottoir dans la rue Jean-Pierre Thill en direction rue de la Gare \u00e0 Schieren (vice versa).<\/li>\n<li>Le dispositif de signalisation est install\u00e9 et lev\u00e9 par les Services Industriels de la Ville d\u2019Ettelbruck et les Services des Ponts et Chauss\u00e9es.<\/li>\n<li>Le chantier est \u00e0 s\u00e9curiser et baliser conform\u00e9ment \u00e0 la r\u00e8glementation de la circulation routi\u00e8re <strong>par l\u2019entreprise en charge des travaux.<\/strong><\/li>\n<\/ul>\n<p><\/p>","protected":false},"excerpt":{"rendered":"<p>Sorry, this entry is only available in French.Le r\u00e8glement de la circulation de la Ville d&#8217;Ettelbruck est modifi\u00e9 du mercredi 29 avril 2026 jusqu\u2019au vendredi 29 mai 2026:\u00a0\u00a0 L\u2019avenue des Alli\u00e9s est r\u00e9tr\u00e9cie selon l\u2019avancement des travaux. La circulation \u00e0 double sens reste possible. Les deux arr\u00eats de bus (Heintz-van-Landewyck) \u00e0 la hauteur du b\u00e2timent [&hellip;]<\/p>\n","protected":false},"featured_media":11969,"template":"","acf":[],"_links":{"self":[{"href":"https:\/\/ettelbruck.lu\/citoyen\/en\/wp-json\/wp\/v2\/actualite\/27430"}],"collection":[{"href":"https:\/\/ettelbruck.lu\/citoyen\/en\/wp-json\/wp\/v2\/actualite"}],"about":[{"href":"https:\/\/ettelbruck.lu\/citoyen\/en\/wp-json\/wp\/v2\/types\/actualite"}],"wp:featuredmedia":[{"embeddable":true,"href":"https:\/\/ettelbruck.lu\/citoyen\/en\/wp-json\/wp\/v2\/media\/11969"}],"wp:attachment":[{"href":"https:\/\/ettelbruck.lu\/citoyen\/en\/wp-json\/wp\/v2\/media?parent=27430"}],"curies":[{"name":"wp","href":"https:\/\/api.w.org\/{rel}","templated":true}]}}