{"id":27467,"date":"2026-04-29T14:16:54","date_gmt":"2026-04-29T12:16:54","guid":{"rendered":"https:\/\/ettelbruck.lu\/citoyen\/?post_type=actualite&#038;p=27467"},"modified":"2026-04-29T14:16:54","modified_gmt":"2026-04-29T12:16:54","slug":"a-partir-du-10-mai-reorganisation-du-pole-de-mobilite-a-ettelbruck","status":"publish","type":"actualite","link":"https:\/\/ettelbruck.lu\/citoyen\/en\/actualite\/a-partir-du-10-mai-reorganisation-du-pole-de-mobilite-a-ettelbruck\/","title":{"rendered":"A partir du 10 mai : R\u00e9organisation du p\u00f4le de mobilit\u00e9 \u00e0 Ettelbruck"},"content":{"rendered":"<p class=\"qtranxs-available-languages-message qtranxs-available-languages-message-en\">Sorry, this entry is only available in <a href=\"https:\/\/ettelbruck.lu\/citoyen\/fr\/wp-json\/wp\/v2\/actualite\/27467\" class=\"qtranxs-available-language-link qtranxs-available-language-link-fr\" title=\"Fran\u00e7ais\">French<\/a>.<\/p><p>Dans le cadre de la prochaine phase des travaux \u00e0 Ettelbruck, la gare routi\u00e8re du p\u00f4le de mobilit\u00e9 fait l\u2019objet d\u2019une r\u00e9organisation compl\u00e8te. De nouveaux quais sont mis en service afin de faciliter l\u2019orientation et les d\u00e9placements au sein du p\u00f4le.<\/p>\n<p><a href=\"https:\/\/www.mobiliteit.lu\/roadinfos\/rgtr-adaptations-de-plusieurs-lignes-reorganisation-du-pole-de-mobilite-a-ettelbruck-a-partir-du-10-mai-2026\/?fbclid=IwY2xjawRemWdleHRuA2FlbQIxMABicmlkETEzYlNQQjJPNVh5TGhwUWc1c3J0YwZhcHBfaWQQMjIyMDM5MTc4ODIwMDg5MgABHlPVM_jcrh8cG5HQPzqVl6mbV8INO_dLIiU75HxJPLBe8kJIz1JFHHyYLUmS_aem_TEqTqQGPoE37eC5sNPZzCQ\">En savoir plus<\/a><\/p>\n<p><strong>D\u00e9parts des bus r\u00e9guliers<\/strong><\/p>\n<p><img loading=\"lazy\" decoding=\"async\" class=\"alignnone size-full wp-image-27468\" src=\"https:\/\/ettelbruck.lu\/citoyen\/wp-content\/uploads\/sites\/2\/2026\/04\/20260510_Plan_Pdm_Ettelbruck_RGTR_regulier.png\" alt=\"\" width=\"14043\" height=\"9796\" srcset=\"https:\/\/ettelbruck.lu\/citoyen\/wp-content\/uploads\/sites\/2\/2026\/04\/20260510_Plan_Pdm_Ettelbruck_RGTR_regulier.png 14043w, https:\/\/ettelbruck.lu\/citoyen\/wp-content\/uploads\/sites\/2\/2026\/04\/20260510_Plan_Pdm_Ettelbruck_RGTR_regulier-300x209.png 300w, https:\/\/ettelbruck.lu\/citoyen\/wp-content\/uploads\/sites\/2\/2026\/04\/20260510_Plan_Pdm_Ettelbruck_RGTR_regulier-1024x714.png 1024w, https:\/\/ettelbruck.lu\/citoyen\/wp-content\/uploads\/sites\/2\/2026\/04\/20260510_Plan_Pdm_Ettelbruck_RGTR_regulier-768x536.png 768w, https:\/\/ettelbruck.lu\/citoyen\/wp-content\/uploads\/sites\/2\/2026\/04\/20260510_Plan_Pdm_Ettelbruck_RGTR_regulier-1536x1071.png 1536w, https:\/\/ettelbruck.lu\/citoyen\/wp-content\/uploads\/sites\/2\/2026\/04\/20260510_Plan_Pdm_Ettelbruck_RGTR_regulier-2048x1429.png 2048w\" sizes=\"(max-width: 14043px) 100vw, 14043px\" \/><\/p>\n<p><strong>D\u00e9parts des bus scolaires<\/strong><\/p>\n<p><img loading=\"lazy\" decoding=\"async\" class=\"alignnone size-full wp-image-27469\" src=\"https:\/\/ettelbruck.lu\/citoyen\/wp-content\/uploads\/sites\/2\/2026\/04\/20260510_Plan_Pdm_Ettelbruck_RGTR_scolaire.png\" alt=\"\" width=\"14043\" height=\"9796\" srcset=\"https:\/\/ettelbruck.lu\/citoyen\/wp-content\/uploads\/sites\/2\/2026\/04\/20260510_Plan_Pdm_Ettelbruck_RGTR_scolaire.png 14043w, https:\/\/ettelbruck.lu\/citoyen\/wp-content\/uploads\/sites\/2\/2026\/04\/20260510_Plan_Pdm_Ettelbruck_RGTR_scolaire-300x209.png 300w, https:\/\/ettelbruck.lu\/citoyen\/wp-content\/uploads\/sites\/2\/2026\/04\/20260510_Plan_Pdm_Ettelbruck_RGTR_scolaire-1024x714.png 1024w, https:\/\/ettelbruck.lu\/citoyen\/wp-content\/uploads\/sites\/2\/2026\/04\/20260510_Plan_Pdm_Ettelbruck_RGTR_scolaire-768x536.png 768w, https:\/\/ettelbruck.lu\/citoyen\/wp-content\/uploads\/sites\/2\/2026\/04\/20260510_Plan_Pdm_Ettelbruck_RGTR_scolaire-1536x1071.png 1536w, https:\/\/ettelbruck.lu\/citoyen\/wp-content\/uploads\/sites\/2\/2026\/04\/20260510_Plan_Pdm_Ettelbruck_RGTR_scolaire-2048x1429.png 2048w\" sizes=\"(max-width: 14043px) 100vw, 14043px\" \/><\/p>","protected":false},"excerpt":{"rendered":"<p>Sorry, this entry is only available in French.Dans le cadre de la prochaine phase des travaux \u00e0 Ettelbruck, la gare routi\u00e8re du p\u00f4le de mobilit\u00e9 fait l\u2019objet d\u2019une r\u00e9organisation compl\u00e8te. De nouveaux quais sont mis en service afin de faciliter l\u2019orientation et les d\u00e9placements au sein du p\u00f4le. En savoir plus D\u00e9parts des bus r\u00e9guliers [&hellip;]<\/p>\n","protected":false},"featured_media":25117,"template":"","acf":[],"_links":{"self":[{"href":"https:\/\/ettelbruck.lu\/citoyen\/en\/wp-json\/wp\/v2\/actualite\/27467"}],"collection":[{"href":"https:\/\/ettelbruck.lu\/citoyen\/en\/wp-json\/wp\/v2\/actualite"}],"about":[{"href":"https:\/\/ettelbruck.lu\/citoyen\/en\/wp-json\/wp\/v2\/types\/actualite"}],"wp:featuredmedia":[{"embeddable":true,"href":"https:\/\/ettelbruck.lu\/citoyen\/en\/wp-json\/wp\/v2\/media\/25117"}],"wp:attachment":[{"href":"https:\/\/ettelbruck.lu\/citoyen\/en\/wp-json\/wp\/v2\/media?parent=27467"}],"curies":[{"name":"wp","href":"https:\/\/api.w.org\/{rel}","templated":true}]}}