{"id":28145,"date":"2026-08-27T08:20:46","date_gmt":"2026-08-27T06:20:46","guid":{"rendered":"https:\/\/ettelbruck.lu\/citoyen\/?post_type=actualite&#038;p=28145"},"modified":"2026-08-27T08:20:01","modified_gmt":"2026-08-27T06:20:01","slug":"depuis-reamenagement-de-lavenue-des-allies","status":"publish","type":"actualite","link":"https:\/\/ettelbruck.lu\/citoyen\/en\/actualite\/depuis-reamenagement-de-lavenue-des-allies\/","title":{"rendered":"\u00c0 partir du 29 ao\u00fbt : r\u00e9am\u00e9nagement de l\u2019Avenue des Alli\u00e9s"},"content":{"rendered":"<p class=\"qtranxs-available-languages-message qtranxs-available-languages-message-en\">Sorry, this entry is only available in <a href=\"https:\/\/ettelbruck.lu\/citoyen\/fr\/wp-json\/wp\/v2\/actualite\/28145\" class=\"qtranxs-available-language-link qtranxs-available-language-link-fr\" title=\"Fran\u00e7ais\">French<\/a>.<\/p><p><strong>Le r\u00e8glement de la circulation de la Ville d&#8217;Ettelbruck est modifi\u00e9 \u00e0 partir du 29 ao\u00fbt jusqu\u2019\u00e0 nouvel ordre :\u00a0\u00a0<\/strong><\/p>\n<ul>\n<li>Dans l\u2019avenue des Alli\u00e9s les deux arr\u00eats de bus (Heintz-van-Landewyck) \u00e0 la hauteur du b\u00e2timent \u00ab\u00a0Ettelbruck One\u00a0\u00bb sont de nouveau desservis.<\/li>\n<li>Dans l\u2019avenue des Alli\u00e9s \u00e0 la hauteur du N\u00b0 42 un arr\u00eat d\u00e9finitif \u00ab CITYBUS\u00a0\u00bb est install\u00e9.<\/li>\n<li>Dans l\u2019avenue des Alli\u00e9s \u00e0 la hauteur du croisement avec la rue J-P Thill des passages pi\u00e9tons sont install\u00e9s.<\/li>\n<li>Dans l\u2019avenue des Alli\u00e9s, \u00e0 la hauteur de la maison n\u00b020, un passage pi\u00e9ton provisoire est install\u00e9.<\/li>\n<li>L\u2019avenue des Alli\u00e9s, \u00e0 partir de la maison n\u00b027 jusqu\u2019\u00e0 la maison n\u00b043, la voie en direction du centre-ville et le trottoir sont barr\u00e9s.<\/li>\n<li>La circulation est r\u00e9gl\u00e9e par des feux tricolores.<\/li>\n<li>L\u2019acc\u00e8s pour les voitures et les pi\u00e9tons des clients de la Gulf reste garanti.<\/li>\n<li>Le passage \u00e0 Ettelbruck est difficile, une d\u00e9viation \u00e0 grande \u00e9chelle sera mise en place<strong> par les Ponts &amp; Chauss\u00e9es.<\/strong><\/li>\n<\/ul>\n<p>&nbsp;<\/p>","protected":false},"excerpt":{"rendered":"<p>Sorry, this entry is only available in French.Le r\u00e8glement de la circulation de la Ville d&#8217;Ettelbruck est modifi\u00e9 \u00e0 partir du 29 ao\u00fbt jusqu\u2019\u00e0 nouvel ordre :\u00a0\u00a0 Dans l\u2019avenue des Alli\u00e9s les deux arr\u00eats de bus (Heintz-van-Landewyck) \u00e0 la hauteur du b\u00e2timent \u00ab\u00a0Ettelbruck One\u00a0\u00bb sont de nouveau desservis. Dans l\u2019avenue des Alli\u00e9s \u00e0 la hauteur [&hellip;]<\/p>\n","protected":false},"featured_media":11969,"template":"","acf":[],"_links":{"self":[{"href":"https:\/\/ettelbruck.lu\/citoyen\/en\/wp-json\/wp\/v2\/actualite\/28145"}],"collection":[{"href":"https:\/\/ettelbruck.lu\/citoyen\/en\/wp-json\/wp\/v2\/actualite"}],"about":[{"href":"https:\/\/ettelbruck.lu\/citoyen\/en\/wp-json\/wp\/v2\/types\/actualite"}],"wp:featuredmedia":[{"embeddable":true,"href":"https:\/\/ettelbruck.lu\/citoyen\/en\/wp-json\/wp\/v2\/media\/11969"}],"wp:attachment":[{"href":"https:\/\/ettelbruck.lu\/citoyen\/en\/wp-json\/wp\/v2\/media?parent=28145"}],"curies":[{"name":"wp","href":"https:\/\/api.w.org\/{rel}","templated":true}]}}