{"id":28268,"date":"2026-09-02T08:41:54","date_gmt":"2026-09-02T06:41:54","guid":{"rendered":"https:\/\/ettelbruck.lu\/citoyen\/?post_type=actualite&#038;p=28268"},"modified":"2026-09-02T08:41:54","modified_gmt":"2026-09-02T06:41:54","slug":"14-septembre-2-octobre-installation-dun-echafaudage-dans-lavenue-j-f-kennedy-n96","status":"publish","type":"actualite","link":"https:\/\/ettelbruck.lu\/citoyen\/en\/actualite\/14-septembre-2-octobre-installation-dun-echafaudage-dans-lavenue-j-f-kennedy-n96\/","title":{"rendered":"14 septembre &#8211; 2 octobre : Installation d&#8217;un \u00e9chafaudage dans l&#8217;avenue J.F. Kennedy n\u00b096"},"content":{"rendered":"<p class=\"qtranxs-available-languages-message qtranxs-available-languages-message-en\">Sorry, this entry is only available in <a href=\"https:\/\/ettelbruck.lu\/citoyen\/fr\/wp-json\/wp\/v2\/actualite\/28268\" class=\"qtranxs-available-language-link qtranxs-available-language-link-fr\" title=\"Fran\u00e7ais\">French<\/a>.<\/p><p>Le r\u00e8glement de la circulation de la Ville d&#8217;Ettelbruck sera modifi\u00e9\u00a0<strong>\u00e0 partir du lundi 14 septembre 2026 jusqu\u2019au vendredi le 2 octobre 2026 inclus :<\/strong><\/p>\n<ul>\n<li>Dans l\u2019avenue J.F. Kennedy \u00e0 la hauteur de la maison n\u00b096, le trottoir est r\u00e9tr\u00e9ci.<\/li>\n<li>Le passage pour pi\u00e9tons reste garanti.<\/li>\n<\/ul>\n<p><\/p>","protected":false},"excerpt":{"rendered":"<p>Sorry, this entry is only available in French.Le r\u00e8glement de la circulation de la Ville d&#8217;Ettelbruck sera modifi\u00e9\u00a0\u00e0 partir du lundi 14 septembre 2026 jusqu\u2019au vendredi le 2 octobre 2026 inclus : Dans l\u2019avenue J.F. Kennedy \u00e0 la hauteur de la maison n\u00b096, le trottoir est r\u00e9tr\u00e9ci. Le passage pour pi\u00e9tons reste garanti.<\/p>\n","protected":false},"featured_media":25117,"template":"","acf":[],"_links":{"self":[{"href":"https:\/\/ettelbruck.lu\/citoyen\/en\/wp-json\/wp\/v2\/actualite\/28268"}],"collection":[{"href":"https:\/\/ettelbruck.lu\/citoyen\/en\/wp-json\/wp\/v2\/actualite"}],"about":[{"href":"https:\/\/ettelbruck.lu\/citoyen\/en\/wp-json\/wp\/v2\/types\/actualite"}],"wp:featuredmedia":[{"embeddable":true,"href":"https:\/\/ettelbruck.lu\/citoyen\/en\/wp-json\/wp\/v2\/media\/25117"}],"wp:attachment":[{"href":"https:\/\/ettelbruck.lu\/citoyen\/en\/wp-json\/wp\/v2\/media?parent=28268"}],"curies":[{"name":"wp","href":"https:\/\/api.w.org\/{rel}","templated":true}]}}