{"id":27480,"date":"2026-04-30T08:42:17","date_gmt":"2026-04-30T06:42:17","guid":{"rendered":"https:\/\/ettelbruck.lu\/citoyen\/?post_type=actualite&#038;p=27480"},"modified":"2026-04-30T08:44:25","modified_gmt":"2026-04-30T06:44:25","slug":"rue-philippe-manternach-raccordement-de-votre-immeuble-au-reseau-de-gaz-naturel","status":"publish","type":"actualite","link":"https:\/\/ettelbruck.lu\/citoyen\/actualite\/rue-philippe-manternach-raccordement-de-votre-immeuble-au-reseau-de-gaz-naturel\/","title":{"rendered":"Rue Philippe Manternach : Raccordement de votre immeuble au r\u00e9seau de gaz naturel"},"content":{"rendered":"<p>Pendant la dur\u00e9e du chantier, les riverains de la rue Philippe Manternach auront la possibilit\u00e9 de demander le branchement de leur immeuble au r\u00e9seau de gaz naturel. <strong>Le gaz sera disponible apr\u00e8s les travaux.<\/strong><\/p>\n<p>&nbsp;<\/p>\n<p><u>La r\u00e9partition des frais se pr\u00e9sente comme suit\u00a0: <\/u><\/p>\n<p>&nbsp;<\/p>\n<table style=\"width: 68.7444%;\" width=\"645\">\n<tbody>\n<tr>\n<td style=\"width: 103.727%;\" colspan=\"5\" width=\"645\"><strong>\u00a0<\/strong><\/p>\n<p><strong>RELEV\u00c9 DES FRAIS A PR\u00c9VOIR POUR LES RIVERAINS DE LA RUE PHILIPPE MANTERNACH<\/strong><\/p>\n<p><strong>\u00a0<\/strong><\/td>\n<\/tr>\n<tr>\n<td style=\"width: 20.9627%;\" width=\"144\">Nature des<\/p>\n<p>travaux<\/td>\n<td style=\"width: 16.6149%;\" width=\"104\">Prix fixe pour raccordement de gaz \u00a0(Creos)<\/td>\n<td style=\"width: 19.0994%;\" width=\"123\">Participation forfaitaire sur terrain public<\/td>\n<td style=\"width: 21.4286%;\" width=\"142\">Tranch\u00e9e sur le terrain priv\u00e9<\/p>\n<p>(devis WICKLER)*<\/td>\n<td style=\"width: 25.6211%;\" width=\"132\">Total<\/p>\n<p>(TVA comprise)<\/td>\n<\/tr>\n<tr>\n<td style=\"width: 20.9627%;\" width=\"144\">\u00a0\u00a0\u00a0\u00a0\u00a0\u00a0\u00a0\u00a0\u00a0 Gaz<\/td>\n<td style=\"width: 16.6149%;\" width=\"104\">\u00a0\u00a0\u00a0\u00a0\u00a0\u00a0 887\u20ac<\/td>\n<td style=\"width: 19.0994%;\" width=\"123\">\u00a0 800\u20ac<\/td>\n<td style=\"width: 21.4286%;\" width=\"142\">3000 \u20ac &lt; prix&lt; 4800\u00a0\u20ac<\/td>\n<td style=\"width: 25.6211%;\" width=\"132\">4552 \u20ac&lt;prix&lt; 6352 \u20ac<\/td>\n<\/tr>\n<\/tbody>\n<\/table>\n<p>*Estimation<\/p>\n<p>&nbsp;<\/p>\n<p>En cas d\u2019int\u00e9r\u00eat de votre part pour le branchement de gaz naturel je vous prie de bien vouloir remplir le formulaire en ligne, lequel vous trouvez sur le site internet de <strong>CREOS Luxembourg jusqu\u2019au 15 mai 2026<\/strong>.<\/p>\n<p><a href=\"https:\/\/www.creos-net.lu\/particuliers\/gaz-naturel\/raccordement\/vous-avez-opte-pour-le-gaz.html\">https:\/\/www.creos-net.lu\/particuliers\/gaz-naturel\/raccordement\/vous-avez-opte-pour-le-gaz.html<\/a><\/p>\n<p>&nbsp;<\/p>\n<p>Si vous d\u00e9sirez recevoir de plus amples renseignements n\u2019h\u00e9sitez pas de contacter Monsieur Gilles SCHOLTES, responsable du r\u00e9seau de gaz CREOS, au <strong>2624 &#8211; 3450 en cours de matin\u00e9e entre 07.30 et 09.00 heures<\/strong>.<\/p>\n<p>Pour toute information compl\u00e9mentaire, je suis \u00e0 votre disposition au 81 91 81 &#8211; 457.<\/p>","protected":false},"excerpt":{"rendered":"<p>Pendant la dur\u00e9e du chantier, les riverains de la rue Philippe Manternach auront la possibilit\u00e9 de demander le branchement de leur immeuble au r\u00e9seau de gaz naturel. Le gaz sera disponible apr\u00e8s les travaux. &nbsp; La r\u00e9partition des frais se pr\u00e9sente comme suit\u00a0: &nbsp; \u00a0 RELEV\u00c9 DES FRAIS A PR\u00c9VOIR POUR LES RIVERAINS DE LA [&hellip;]<\/p>\n","protected":false},"featured_media":13296,"template":"","acf":[],"_links":{"self":[{"href":"https:\/\/ettelbruck.lu\/citoyen\/wp-json\/wp\/v2\/actualite\/27480"}],"collection":[{"href":"https:\/\/ettelbruck.lu\/citoyen\/wp-json\/wp\/v2\/actualite"}],"about":[{"href":"https:\/\/ettelbruck.lu\/citoyen\/wp-json\/wp\/v2\/types\/actualite"}],"wp:featuredmedia":[{"embeddable":true,"href":"https:\/\/ettelbruck.lu\/citoyen\/wp-json\/wp\/v2\/media\/13296"}],"wp:attachment":[{"href":"https:\/\/ettelbruck.lu\/citoyen\/wp-json\/wp\/v2\/media?parent=27480"}],"curies":[{"name":"wp","href":"https:\/\/api.w.org\/{rel}","templated":true}]}}