{"id":27484,"date":"2026-04-30T10:37:56","date_gmt":"2026-04-30T08:37:56","guid":{"rendered":"https:\/\/ettelbruck.lu\/citoyen\/?post_type=actualite&#038;p=27484"},"modified":"2026-04-30T10:39:09","modified_gmt":"2026-04-30T08:39:09","slug":"4-8-mai-travaux-de-reamenagement-dun-quai-provisoire-dans-la-rue-prince-henri","status":"publish","type":"actualite","link":"https:\/\/ettelbruck.lu\/citoyen\/actualite\/4-8-mai-travaux-de-reamenagement-dun-quai-provisoire-dans-la-rue-prince-henri\/","title":{"rendered":"4-8 mai : travaux de r\u00e9am\u00e9nagement d\u2019un quai provisoire dans la rue Prince Henri"},"content":{"rendered":"<p>Le r\u00e8glement de la circulation de la Ville d&rsquo;Ettelbruck est modifi\u00e9<strong> du lundi 4 mai 2026 jusqu\u2019au vendredi 8 mai 2026 (18h00):<\/strong><\/p>\n<ul>\n<li>La rue Prince Henri est partiellement r\u00e9tr\u00e9cie \u00e0 la hauteur des maisons N\u00b0 17 jusqu\u2019au N\u00b0 47.<\/li>\n<li>La circulation en provenance de l\u2019avenue L. Salentiny est d\u00e9vi\u00e9 par la voie de droite en direction rue Prince Henri.<\/li>\n<li>Dans la rue Prince Henri le trottoir est barr\u00e9 \u00e0 la hauteur des maisons N\u00b017 jusqu\u2019au N\u00b047 et les pi\u00e9tons sont d\u00e9vi\u00e9s par le trottoir d\u2019en face.<\/li>\n<li>L\u2019acc\u00e8s aux commerces reste garanti \u00e0 tout moment.<\/li>\n<\/ul>\n<p><\/p>","protected":false},"excerpt":{"rendered":"<p>Le r\u00e8glement de la circulation de la Ville d&rsquo;Ettelbruck est modifi\u00e9 du lundi 4 mai 2026 jusqu\u2019au vendredi 8 mai 2026 (18h00): La rue Prince Henri est partiellement r\u00e9tr\u00e9cie \u00e0 la hauteur des maisons N\u00b0 17 jusqu\u2019au N\u00b0 47. La circulation en provenance de l\u2019avenue L. Salentiny est d\u00e9vi\u00e9 par la voie de droite en [&hellip;]<\/p>\n","protected":false},"featured_media":11969,"template":"","acf":[],"_links":{"self":[{"href":"https:\/\/ettelbruck.lu\/citoyen\/wp-json\/wp\/v2\/actualite\/27484"}],"collection":[{"href":"https:\/\/ettelbruck.lu\/citoyen\/wp-json\/wp\/v2\/actualite"}],"about":[{"href":"https:\/\/ettelbruck.lu\/citoyen\/wp-json\/wp\/v2\/types\/actualite"}],"wp:featuredmedia":[{"embeddable":true,"href":"https:\/\/ettelbruck.lu\/citoyen\/wp-json\/wp\/v2\/media\/11969"}],"wp:attachment":[{"href":"https:\/\/ettelbruck.lu\/citoyen\/wp-json\/wp\/v2\/media?parent=27484"}],"curies":[{"name":"wp","href":"https:\/\/api.w.org\/{rel}","templated":true}]}}