{"id":28226,"date":"2026-09-04T16:24:56","date_gmt":"2026-09-04T14:24:56","guid":{"rendered":"https:\/\/ettelbruck.lu\/citoyen\/?post_type=actualite&#038;p=28226"},"modified":"2026-08-24T16:30:30","modified_gmt":"2026-08-24T14:30:30","slug":"28226","status":"publish","type":"actualite","link":"https:\/\/ettelbruck.lu\/citoyen\/actualite\/28226\/","title":{"rendered":"9-11 septembre: Travaux de r\u00e9am\u00e9nagement sur la place de l&rsquo;H\u00f4tel de Ville"},"content":{"rendered":"<p>Le r\u00e8glement de la circulation de la Ville d&rsquo;Ettelbruck sera modifi\u00e9 <strong>\u00e0 partir du mercredi 9 septembre 2026 jusqu\u2019au vendredi 11 septembre 2026 inclus :\u00a0\u00a0<\/strong><\/p>\n<ul>\n<li>La \u00ab\u00a0Place de l&rsquo;H\u00f4tel de Ville\u00a0\u00bb est barr\u00e9e pour toute circulation.<\/li>\n<li>L\u2019acc\u00e8s vers la zone pi\u00e9tonne \u00e0 partir de la \u00ab\u00a0Place de l\u2019H\u00f4tel de Ville\u00a0\u00bb n\u2019est pas accessible.<\/li>\n<li>Le stationnement est interdit sur la \u00ab\u00a0Place de l&rsquo;H\u00f4tel de Ville\u00a0\u00bb<\/li>\n<li>La bande de livraison est supprim\u00e9e.<\/li>\n<li>Les v\u00e9hicules stationn\u00e9s dans des garages situ\u00e9s dans la zone des travaux ne pourront ni entrer ni sortir pendant cette p\u00e9riode. Nous vous prions donc de bien vouloir stationner votre v\u00e9hicule en dehors de la zone concern\u00e9e avant le d\u00e9but des travaux. (Voir plan)<\/li>\n<\/ul>\n<p>&nbsp;<\/p>\n<p><strong><u>D\u00e9tails des travaux<\/u><\/strong><\/p>\n<ul>\n<li>Grenaillage, travaux de rev\u00eatement et balayage de toute la surface<\/li>\n<\/ul>\n<p>&nbsp;<\/p>\n<p><strong><u>Collecte des d\u00e9chets :<\/u><\/strong><\/p>\n<ul>\n<li>Merci de sortir vos poubelles <strong>la veille de la collecte.<\/strong><\/li>\n<\/ul>\n<p>Les d\u00e9chets seront collect\u00e9s le lendemain matin, sans intervention suppl\u00e9mentaire de votre part.<\/p>\n<p><strong><u>Livraisons :<\/u><\/strong><\/p>\n<ul>\n<li>Nous vous invitons \u00e0 informer vos fournisseurs que toute livraison \u00e0 domicile sera impossible pendant la dur\u00e9e des travaux.<\/li>\n<\/ul>\n<p><strong>Les travaux peuvent \u00eatre report\u00e9s en cas d&rsquo;intemp\u00e9ries.<\/strong><\/p>\n<p><img loading=\"lazy\" decoding=\"async\" class=\"alignnone size-full wp-image-28227\" src=\"https:\/\/ettelbruck.lu\/citoyen\/wp-content\/uploads\/sites\/2\/2026\/08\/202608_Resine-coloree-Hotel-de-Ville.png\" alt=\"\" width=\"1497\" height=\"955\" srcset=\"https:\/\/ettelbruck.lu\/citoyen\/wp-content\/uploads\/sites\/2\/2026\/08\/202608_Resine-coloree-Hotel-de-Ville.png 1497w, https:\/\/ettelbruck.lu\/citoyen\/wp-content\/uploads\/sites\/2\/2026\/08\/202608_Resine-coloree-Hotel-de-Ville-300x191.png 300w, https:\/\/ettelbruck.lu\/citoyen\/wp-content\/uploads\/sites\/2\/2026\/08\/202608_Resine-coloree-Hotel-de-Ville-1024x653.png 1024w, https:\/\/ettelbruck.lu\/citoyen\/wp-content\/uploads\/sites\/2\/2026\/08\/202608_Resine-coloree-Hotel-de-Ville-768x490.png 768w\" sizes=\"(max-width: 1497px) 100vw, 1497px\" \/><\/p>\n<p>&nbsp;<\/p>\n<p>&nbsp;<\/p>","protected":false},"excerpt":{"rendered":"<p>Le r\u00e8glement de la circulation de la Ville d&rsquo;Ettelbruck sera modifi\u00e9 \u00e0 partir du mercredi 9 septembre 2026 jusqu\u2019au vendredi 11 septembre 2026 inclus :\u00a0\u00a0 La \u00ab\u00a0Place de l&rsquo;H\u00f4tel de Ville\u00a0\u00bb est barr\u00e9e pour toute circulation. L\u2019acc\u00e8s vers la zone pi\u00e9tonne \u00e0 partir de la \u00ab\u00a0Place de l\u2019H\u00f4tel de Ville\u00a0\u00bb n\u2019est pas accessible. Le stationnement [&hellip;]<\/p>\n","protected":false},"featured_media":11969,"template":"","acf":[],"_links":{"self":[{"href":"https:\/\/ettelbruck.lu\/citoyen\/wp-json\/wp\/v2\/actualite\/28226"}],"collection":[{"href":"https:\/\/ettelbruck.lu\/citoyen\/wp-json\/wp\/v2\/actualite"}],"about":[{"href":"https:\/\/ettelbruck.lu\/citoyen\/wp-json\/wp\/v2\/types\/actualite"}],"wp:featuredmedia":[{"embeddable":true,"href":"https:\/\/ettelbruck.lu\/citoyen\/wp-json\/wp\/v2\/media\/11969"}],"wp:attachment":[{"href":"https:\/\/ettelbruck.lu\/citoyen\/wp-json\/wp\/v2\/media?parent=28226"}],"curies":[{"name":"wp","href":"https:\/\/api.w.org\/{rel}","templated":true}]}}