{"id":28270,"date":"2026-09-02T08:58:37","date_gmt":"2026-09-02T06:58:37","guid":{"rendered":"https:\/\/ettelbruck.lu\/citoyen\/?post_type=actualite&#038;p=28270"},"modified":"2026-09-02T08:58:37","modified_gmt":"2026-09-02T06:58:37","slug":"7-8-septembre-installation-dune-nacelle-dans-la-rue-de-la-colline-n-18","status":"publish","type":"actualite","link":"https:\/\/ettelbruck.lu\/citoyen\/actualite\/7-8-septembre-installation-dune-nacelle-dans-la-rue-de-la-colline-n-18\/","title":{"rendered":"7 &#8211; 8 septembre : Installation d&rsquo;une nacelle dans la rue de la Colline n\u00b0 18"},"content":{"rendered":"<p>Le r\u00e8glement de la circulation de la Ville d&rsquo;Ettelbruck sera modifi\u00e9\u00a0<strong>\u00e0 partir du lundi 7 septembre 2026 jusqu\u2019au mardi 8 septembre 2026 inclus :<\/strong><\/p>\n<ul>\n<li>La rue de la Colline est r\u00e9tr\u00e9cie \u00e0 la hauteur de la maison n\u00b018.<\/li>\n<\/ul>\n<p><\/p>","protected":false},"excerpt":{"rendered":"<p>Le r\u00e8glement de la circulation de la Ville d&rsquo;Ettelbruck sera modifi\u00e9\u00a0\u00e0 partir du lundi 7 septembre 2026 jusqu\u2019au mardi 8 septembre 2026 inclus : La rue de la Colline est r\u00e9tr\u00e9cie \u00e0 la hauteur de la maison n\u00b018.<\/p>\n","protected":false},"featured_media":25117,"template":"","acf":[],"_links":{"self":[{"href":"https:\/\/ettelbruck.lu\/citoyen\/wp-json\/wp\/v2\/actualite\/28270"}],"collection":[{"href":"https:\/\/ettelbruck.lu\/citoyen\/wp-json\/wp\/v2\/actualite"}],"about":[{"href":"https:\/\/ettelbruck.lu\/citoyen\/wp-json\/wp\/v2\/types\/actualite"}],"wp:featuredmedia":[{"embeddable":true,"href":"https:\/\/ettelbruck.lu\/citoyen\/wp-json\/wp\/v2\/media\/25117"}],"wp:attachment":[{"href":"https:\/\/ettelbruck.lu\/citoyen\/wp-json\/wp\/v2\/media?parent=28270"}],"curies":[{"name":"wp","href":"https:\/\/api.w.org\/{rel}","templated":true}]}}