{"id":28271,"date":"2026-09-02T09:00:06","date_gmt":"2026-09-02T07:00:06","guid":{"rendered":"https:\/\/ettelbruck.lu\/citoyen\/?post_type=actualite&#038;p=28271"},"modified":"2026-09-02T09:00:06","modified_gmt":"2026-09-02T07:00:06","slug":"9-septembre-changement-dun-couvercle-de-regard-dans-la-rue-bourschterbach-n-15-a-warken","status":"publish","type":"actualite","link":"https:\/\/ettelbruck.lu\/citoyen\/actualite\/9-septembre-changement-dun-couvercle-de-regard-dans-la-rue-bourschterbach-n-15-a-warken\/","title":{"rendered":"9 septembre : Changement d&rsquo;un couvercle de regard dans la rue Bourschterbach n\u00b0 15 \u00e0 Warken"},"content":{"rendered":"<p>Le r\u00e8glement de la circulation de la Ville d&rsquo;Ettelbruck sera modifi\u00e9\u00a0<strong>le mercredi 9 septembre 2026 (08h00 &#8211; 16h00) :<\/strong><\/p>\n<ul>\n<li>Le croisement de la rue Bourschterbach avec la Cit\u00e9 Bourschterbach est r\u00e9tr\u00e9ci \u00e0 la hauteur de la maison n\u00b0 15 rue Bourschterbach..<\/li>\n<li>Les autobus sont d\u00e9vi\u00e9s vers la Cit\u00e9 Bourschterbach \u00e0 la hauteur de la maison n\u00b028.<\/li>\n<\/ul>\n<p><\/p>","protected":false},"excerpt":{"rendered":"<p>Le r\u00e8glement de la circulation de la Ville d&rsquo;Ettelbruck sera modifi\u00e9\u00a0le mercredi 9 septembre 2026 (08h00 &#8211; 16h00) : Le croisement de la rue Bourschterbach avec la Cit\u00e9 Bourschterbach est r\u00e9tr\u00e9ci \u00e0 la hauteur de la maison n\u00b0 15 rue Bourschterbach.. Les autobus sont d\u00e9vi\u00e9s vers la Cit\u00e9 Bourschterbach \u00e0 la hauteur de la maison [&hellip;]<\/p>\n","protected":false},"featured_media":25117,"template":"","acf":[],"_links":{"self":[{"href":"https:\/\/ettelbruck.lu\/citoyen\/wp-json\/wp\/v2\/actualite\/28271"}],"collection":[{"href":"https:\/\/ettelbruck.lu\/citoyen\/wp-json\/wp\/v2\/actualite"}],"about":[{"href":"https:\/\/ettelbruck.lu\/citoyen\/wp-json\/wp\/v2\/types\/actualite"}],"wp:featuredmedia":[{"embeddable":true,"href":"https:\/\/ettelbruck.lu\/citoyen\/wp-json\/wp\/v2\/media\/25117"}],"wp:attachment":[{"href":"https:\/\/ettelbruck.lu\/citoyen\/wp-json\/wp\/v2\/media?parent=28271"}],"curies":[{"name":"wp","href":"https:\/\/api.w.org\/{rel}","templated":true}]}}