{"id":28279,"date":"2026-09-04T11:50:38","date_gmt":"2026-09-04T09:50:38","guid":{"rendered":"https:\/\/ettelbruck.lu\/citoyen\/?post_type=actualite&#038;p=28279"},"modified":"2026-09-04T11:50:38","modified_gmt":"2026-09-04T09:50:38","slug":"7-11-septembre-travaux-de-renovation-dans-la-rue-dr-klein-n-69","status":"publish","type":"actualite","link":"https:\/\/ettelbruck.lu\/citoyen\/actualite\/7-11-septembre-travaux-de-renovation-dans-la-rue-dr-klein-n-69\/","title":{"rendered":"7 &#8211; 11 septembre : Travaux de r\u00e9novation dans la rue Dr Klein n\u00b0 69"},"content":{"rendered":"<p>Le r\u00e8glement de la circulation de la Ville d&rsquo;Ettelbruck sera modifi\u00e9\u00a0<strong>\u00e0 partir du lundi 7 septembre 2026 jusqu&rsquo;au vendredi 11 septembre 2026 inclus :<\/strong><\/p>\n<ul>\n<li>La rue Dr Klein est r\u00e9tr\u00e9cie \u00e0 la hauteur de la maison n\u00b0 69.<\/li>\n<li>Le trottoir est barr\u00e9 et les pi\u00e9tons sont d\u00e9vi\u00e9s par le trottoir d\u2019en face.<\/li>\n<\/ul>\n<p><\/p>","protected":false},"excerpt":{"rendered":"<p>Le r\u00e8glement de la circulation de la Ville d&rsquo;Ettelbruck sera modifi\u00e9\u00a0\u00e0 partir du lundi 7 septembre 2026 jusqu&rsquo;au vendredi 11 septembre 2026 inclus : La rue Dr Klein est r\u00e9tr\u00e9cie \u00e0 la hauteur de la maison n\u00b0 69. Le trottoir est barr\u00e9 et les pi\u00e9tons sont d\u00e9vi\u00e9s par le trottoir d\u2019en face.<\/p>\n","protected":false},"featured_media":25117,"template":"","acf":[],"_links":{"self":[{"href":"https:\/\/ettelbruck.lu\/citoyen\/wp-json\/wp\/v2\/actualite\/28279"}],"collection":[{"href":"https:\/\/ettelbruck.lu\/citoyen\/wp-json\/wp\/v2\/actualite"}],"about":[{"href":"https:\/\/ettelbruck.lu\/citoyen\/wp-json\/wp\/v2\/types\/actualite"}],"wp:featuredmedia":[{"embeddable":true,"href":"https:\/\/ettelbruck.lu\/citoyen\/wp-json\/wp\/v2\/media\/25117"}],"wp:attachment":[{"href":"https:\/\/ettelbruck.lu\/citoyen\/wp-json\/wp\/v2\/media?parent=28279"}],"curies":[{"name":"wp","href":"https:\/\/api.w.org\/{rel}","templated":true}]}}