{"id":12013,"date":"2020-11-16T12:13:38","date_gmt":"2020-11-16T11:13:38","guid":{"rendered":"https:\/\/ettelbruck.webdev.lu\/citoyen\/?p=12013"},"modified":"2023-03-13T14:51:18","modified_gmt":"2023-03-13T13:51:18","slug":"legalisation-de-la-signature","status":"publish","type":"post","link":"https:\/\/ettelbruck.lu\/citoyen\/legalisation-de-la-signature\/","title":{"rendered":"L\u00e9galisation de la signature"},"content":{"rendered":"<p>Pour l\u00e9galiser sa propre signature l\u2019int\u00e9ress\u00e9e doit se pr\u00e9senter personnellement au bureau de la population et signer le document aff\u00e9rent devant le fonctionnaire habilit\u00e9 \u00e0 l\u00e9galiser la signature. La l\u00e9galisation de la signature ne peut se faire que pour les habitants de la Ville d\u2019Ettelbruck.<\/p>\n<p>Renseignez-vous aupr\u00e8s du Bureau de la Population.<\/p>","protected":false},"excerpt":{"rendered":"<p>Pour l\u00e9galiser sa propre signature l\u2019int\u00e9ress\u00e9e doit se pr\u00e9senter personnellement au bureau de la population et signer le document aff\u00e9rent devant le fonctionnaire habilit\u00e9 \u00e0 l\u00e9galiser la signature. La l\u00e9galisation de la signature ne peut se faire que pour les habitants de la Ville d\u2019Ettelbruck. Renseignez-vous aupr\u00e8s du Bureau de la Population.<\/p>\n","protected":false},"author":5,"featured_media":0,"comment_status":"open","ping_status":"open","sticky":false,"template":"","format":"standard","meta":{"_acf_changed":false,"inline_featured_image":false,"footnotes":""},"categories":[1],"tags":[],"acf":[],"_links":{"self":[{"href":"https:\/\/ettelbruck.lu\/citoyen\/wp-json\/wp\/v2\/posts\/12013"}],"collection":[{"href":"https:\/\/ettelbruck.lu\/citoyen\/wp-json\/wp\/v2\/posts"}],"about":[{"href":"https:\/\/ettelbruck.lu\/citoyen\/wp-json\/wp\/v2\/types\/post"}],"author":[{"embeddable":true,"href":"https:\/\/ettelbruck.lu\/citoyen\/wp-json\/wp\/v2\/users\/5"}],"replies":[{"embeddable":true,"href":"https:\/\/ettelbruck.lu\/citoyen\/wp-json\/wp\/v2\/comments?post=12013"}],"version-history":[{"count":2,"href":"https:\/\/ettelbruck.lu\/citoyen\/wp-json\/wp\/v2\/posts\/12013\/revisions"}],"predecessor-version":[{"id":17273,"href":"https:\/\/ettelbruck.lu\/citoyen\/wp-json\/wp\/v2\/posts\/12013\/revisions\/17273"}],"wp:attachment":[{"href":"https:\/\/ettelbruck.lu\/citoyen\/wp-json\/wp\/v2\/media?parent=12013"}],"wp:term":[{"taxonomy":"category","embeddable":true,"href":"https:\/\/ettelbruck.lu\/citoyen\/wp-json\/wp\/v2\/categories?post=12013"},{"taxonomy":"post_tag","embeddable":true,"href":"https:\/\/ettelbruck.lu\/citoyen\/wp-json\/wp\/v2\/tags?post=12013"}],"curies":[{"name":"wp","href":"https:\/\/api.w.org\/{rel}","templated":true}]}}